{"id":783,"date":"2018-02-13T18:14:34","date_gmt":"2018-02-13T16:14:34","guid":{"rendered":"https:\/\/www.vestelli.fi\/kaytto-ja-elinkaarikustannukset-jaavat-erittain-edullisiksi\/"},"modified":"2018-03-21T17:00:55","modified_gmt":"2018-03-21T15:00:55","slug":"mycket-formanliga-drifts-och-livscykelkostnader","status":"publish","type":"post","link":"https:\/\/www.vestelli.fi\/sv\/blog\/2018\/02\/13\/mycket-formanliga-drifts-och-livscykelkostnader\/","title":{"rendered":"Mycket f\u00f6rm\u00e5nliga drifts- och livscykelkostnader"},"content":{"rendered":"<p>De enda drifts- och underh\u00e5llskostnaderna \u00e4r avgiften f\u00f6r den \u00e5rliga slamt\u00f6mningen, samt ca 4 \u20ac\/m\u00e5nad f\u00f6r luftfl\u00e4ktens elf\u00f6rbrukning.<!--more--><\/p>\n<p>Eftersom Bioreaktorn inte kr\u00e4ver markb\u00e4dd, besparas du redan i installationsskedet fr\u00e5n stora gr\u00e4varbeten. Du sparar \u00e4ven i forts\u00e4ttningen reda pengar, eftersom alla eventuella serviceingrepp kan utf\u00f6ras inuti tanken, under locket \u2013 utan gr\u00e4vmaskin.<\/p>\n<p>Bioreaktorns stomme \u00e4r tillverkad i helgjuten betong, tekniken inne i tanken \u00e4r utf\u00f6rd i kraftig PVC- och PE-plast, samt metalldelarna i syrafast st\u00e5l. Den enda utbytbara komponenten \u00e4r den h\u00f6gklassiga luftfl\u00e4kten. Fl\u00e4kten har en livsl\u00e4ngd p\u00e5 ca 5 \u00e5r och ett reservdelspris p\u00e5 200\u20ac. Byte av fl\u00e4kten sker p\u00e5 5 minuter och kr\u00e4ver ingen serviceman.<\/p>\n","protected":false},"excerpt":{"rendered":"<p>De enda drifts- och underh\u00e5llskostnaderna \u00e4r avgiften f\u00f6r den \u00e5rliga slamt\u00f6mningen, samt ca 4 \u20ac\/m\u00e5nad f\u00f6r luftfl\u00e4ktens elf\u00f6rbrukning.<\/p>\n","protected":false},"author":3,"featured_media":342,"comment_status":"open","ping_status":"open","sticky":false,"template":"","format":"standard","meta":{"_acf_changed":false,"footnotes":""},"categories":[23],"tags":[],"class_list":["post-783","post","type-post","status-publish","format-standard","has-post-thumbnail","hentry","category-blogg-sv"],"acf":[],"yoast_head":"<!-- This site is optimized with the Yoast SEO plugin v27.5 - https:\/\/yoast.com\/product\/yoast-seo-wordpress\/ -->\n<title>Mycket f\u00f6rm\u00e5nliga drifts- och livscykelkostnader | Vestelli.fi<\/title>\n<meta name=\"robots\" content=\"index, follow, max-snippet:-1, max-image-preview:large, max-video-preview:-1\" \/>\n<link rel=\"canonical\" href=\"https:\/\/www.vestelli.fi\/sv\/blog\/2018\/02\/13\/mycket-formanliga-drifts-och-livscykelkostnader\/\" \/>\n<meta property=\"og:locale\" content=\"sv_SE\" \/>\n<meta property=\"og:type\" content=\"article\" \/>\n<meta property=\"og:title\" content=\"Mycket f\u00f6rm\u00e5nliga drifts- och livscykelkostnader | Vestelli.fi\" \/>\n<meta property=\"og:description\" content=\"De enda drifts- och underh\u00e5llskostnaderna \u00e4r avgiften f\u00f6r den \u00e5rliga slamt\u00f6mningen, samt ca 4 \u20ac\/m\u00e5nad f\u00f6r luftfl\u00e4ktens elf\u00f6rbrukning.\" \/>\n<meta property=\"og:url\" content=\"https:\/\/www.vestelli.fi\/sv\/blog\/2018\/02\/13\/mycket-formanliga-drifts-och-livscykelkostnader\/\" \/>\n<meta property=\"og:site_name\" content=\"Vestelli.fi\" \/>\n<meta property=\"article:published_time\" content=\"2018-02-13T16:14:34+00:00\" \/>\n<meta property=\"article:modified_time\" content=\"2018-03-21T15:00:55+00:00\" \/>\n<meta property=\"og:image\" content=\"https:\/\/www.vestelli.fi\/wp-content\/uploads\/2018\/02\/DSC00850-e1519206979491.jpg\" \/>\n\t<meta property=\"og:image:width\" content=\"4240\" \/>\n\t<meta property=\"og:image:height\" content=\"2832\" \/>\n\t<meta property=\"og:image:type\" content=\"image\/jpeg\" \/>\n<meta name=\"author\" content=\"Klaus Makela\" \/>\n<meta name=\"twitter:card\" content=\"summary_large_image\" \/>\n<meta name=\"twitter:label1\" content=\"Skriven av\" \/>\n\t<meta name=\"twitter:data1\" content=\"Klaus Makela\" \/>\n\t<meta name=\"twitter:label2\" content=\"Ber\u00e4knad l\u00e4stid\" \/>\n\t<meta name=\"twitter:data2\" content=\"1 minut\" \/>\n<script type=\"application\/ld+json\" class=\"yoast-schema-graph\">{\"@context\":\"https:\\\/\\\/schema.org\",\"@graph\":[{\"@type\":\"Article\",\"@id\":\"https:\\\/\\\/www.vestelli.fi\\\/sv\\\/blog\\\/2018\\\/02\\\/13\\\/mycket-formanliga-drifts-och-livscykelkostnader\\\/#article\",\"isPartOf\":{\"@id\":\"https:\\\/\\\/www.vestelli.fi\\\/sv\\\/blog\\\/2018\\\/02\\\/13\\\/mycket-formanliga-drifts-och-livscykelkostnader\\\/\"},\"author\":{\"name\":\"Klaus Makela\",\"@id\":\"https:\\\/\\\/www.vestelli.fi\\\/#\\\/schema\\\/person\\\/e891e8e42a912be9c6974b5bda023536\"},\"headline\":\"Mycket f\u00f6rm\u00e5nliga drifts- och livscykelkostnader\",\"datePublished\":\"2018-02-13T16:14:34+00:00\",\"dateModified\":\"2018-03-21T15:00:55+00:00\",\"mainEntityOfPage\":{\"@id\":\"https:\\\/\\\/www.vestelli.fi\\\/sv\\\/blog\\\/2018\\\/02\\\/13\\\/mycket-formanliga-drifts-och-livscykelkostnader\\\/\"},\"wordCount\":130,\"commentCount\":0,\"publisher\":{\"@id\":\"https:\\\/\\\/www.vestelli.fi\\\/#organization\"},\"image\":{\"@id\":\"https:\\\/\\\/www.vestelli.fi\\\/sv\\\/blog\\\/2018\\\/02\\\/13\\\/mycket-formanliga-drifts-och-livscykelkostnader\\\/#primaryimage\"},\"thumbnailUrl\":\"https:\\\/\\\/www.vestelli.fi\\\/wp-content\\\/uploads\\\/2018\\\/02\\\/DSC00850-e1519206979491.jpg\",\"articleSection\":[\"Blogg\"],\"inLanguage\":\"sv-SE\",\"potentialAction\":[{\"@type\":\"CommentAction\",\"name\":\"Comment\",\"target\":[\"https:\\\/\\\/www.vestelli.fi\\\/sv\\\/blog\\\/2018\\\/02\\\/13\\\/mycket-formanliga-drifts-och-livscykelkostnader\\\/#respond\"]}]},{\"@type\":\"WebPage\",\"@id\":\"https:\\\/\\\/www.vestelli.fi\\\/sv\\\/blog\\\/2018\\\/02\\\/13\\\/mycket-formanliga-drifts-och-livscykelkostnader\\\/\",\"url\":\"https:\\\/\\\/www.vestelli.fi\\\/sv\\\/blog\\\/2018\\\/02\\\/13\\\/mycket-formanliga-drifts-och-livscykelkostnader\\\/\",\"name\":\"Mycket f\u00f6rm\u00e5nliga drifts- och livscykelkostnader | Vestelli.fi\",\"isPartOf\":{\"@id\":\"https:\\\/\\\/www.vestelli.fi\\\/#website\"},\"primaryImageOfPage\":{\"@id\":\"https:\\\/\\\/www.vestelli.fi\\\/sv\\\/blog\\\/2018\\\/02\\\/13\\\/mycket-formanliga-drifts-och-livscykelkostnader\\\/#primaryimage\"},\"image\":{\"@id\":\"https:\\\/\\\/www.vestelli.fi\\\/sv\\\/blog\\\/2018\\\/02\\\/13\\\/mycket-formanliga-drifts-och-livscykelkostnader\\\/#primaryimage\"},\"thumbnailUrl\":\"https:\\\/\\\/www.vestelli.fi\\\/wp-content\\\/uploads\\\/2018\\\/02\\\/DSC00850-e1519206979491.jpg\",\"datePublished\":\"2018-02-13T16:14:34+00:00\",\"dateModified\":\"2018-03-21T15:00:55+00:00\",\"breadcrumb\":{\"@id\":\"https:\\\/\\\/www.vestelli.fi\\\/sv\\\/blog\\\/2018\\\/02\\\/13\\\/mycket-formanliga-drifts-och-livscykelkostnader\\\/#breadcrumb\"},\"inLanguage\":\"sv-SE\",\"potentialAction\":[{\"@type\":\"ReadAction\",\"target\":[\"https:\\\/\\\/www.vestelli.fi\\\/sv\\\/blog\\\/2018\\\/02\\\/13\\\/mycket-formanliga-drifts-och-livscykelkostnader\\\/\"]}]},{\"@type\":\"ImageObject\",\"inLanguage\":\"sv-SE\",\"@id\":\"https:\\\/\\\/www.vestelli.fi\\\/sv\\\/blog\\\/2018\\\/02\\\/13\\\/mycket-formanliga-drifts-och-livscykelkostnader\\\/#primaryimage\",\"url\":\"https:\\\/\\\/www.vestelli.fi\\\/wp-content\\\/uploads\\\/2018\\\/02\\\/DSC00850-e1519206979491.jpg\",\"contentUrl\":\"https:\\\/\\\/www.vestelli.fi\\\/wp-content\\\/uploads\\\/2018\\\/02\\\/DSC00850-e1519206979491.jpg\",\"width\":4240,\"height\":2832},{\"@type\":\"BreadcrumbList\",\"@id\":\"https:\\\/\\\/www.vestelli.fi\\\/sv\\\/blog\\\/2018\\\/02\\\/13\\\/mycket-formanliga-drifts-och-livscykelkostnader\\\/#breadcrumb\",\"itemListElement\":[{\"@type\":\"ListItem\",\"position\":1,\"name\":\"Home\",\"item\":\"https:\\\/\\\/www.vestelli.fi\\\/sv\\\/\"},{\"@type\":\"ListItem\",\"position\":2,\"name\":\"Mycket f\u00f6rm\u00e5nliga drifts- och livscykelkostnader\"}]},{\"@type\":\"WebSite\",\"@id\":\"https:\\\/\\\/www.vestelli.fi\\\/#website\",\"url\":\"https:\\\/\\\/www.vestelli.fi\\\/\",\"name\":\"Vestelli.fi\",\"description\":\"Puhtaiden vesien puolesta \u2013 tehokkaat j\u00e4tevesij\u00e4rjestelm\u00e4t\",\"publisher\":{\"@id\":\"https:\\\/\\\/www.vestelli.fi\\\/#organization\"},\"potentialAction\":[{\"@type\":\"SearchAction\",\"target\":{\"@type\":\"EntryPoint\",\"urlTemplate\":\"https:\\\/\\\/www.vestelli.fi\\\/?s={search_term_string}\"},\"query-input\":{\"@type\":\"PropertyValueSpecification\",\"valueRequired\":true,\"valueName\":\"search_term_string\"}}],\"inLanguage\":\"sv-SE\"},{\"@type\":\"Organization\",\"@id\":\"https:\\\/\\\/www.vestelli.fi\\\/#organization\",\"name\":\"Vestelli Oy\",\"url\":\"https:\\\/\\\/www.vestelli.fi\\\/\",\"logo\":{\"@type\":\"ImageObject\",\"inLanguage\":\"sv-SE\",\"@id\":\"https:\\\/\\\/www.vestelli.fi\\\/#\\\/schema\\\/logo\\\/image\\\/\",\"url\":\"https:\\\/\\\/www.vestelli.fi\\\/wp-content\\\/uploads\\\/2018\\\/05\\\/vestelli_logo-e1577697076704.png\",\"contentUrl\":\"https:\\\/\\\/www.vestelli.fi\\\/wp-content\\\/uploads\\\/2018\\\/05\\\/vestelli_logo-e1577697076704.png\",\"width\":200,\"height\":72,\"caption\":\"Vestelli Oy\"},\"image\":{\"@id\":\"https:\\\/\\\/www.vestelli.fi\\\/#\\\/schema\\\/logo\\\/image\\\/\"}},{\"@type\":\"Person\",\"@id\":\"https:\\\/\\\/www.vestelli.fi\\\/#\\\/schema\\\/person\\\/e891e8e42a912be9c6974b5bda023536\",\"name\":\"Klaus Makela\",\"image\":{\"@type\":\"ImageObject\",\"inLanguage\":\"sv-SE\",\"@id\":\"https:\\\/\\\/secure.gravatar.com\\\/avatar\\\/8706da9351e6896c2b892f99715bdb54e016fe36f3ad6718282a541851c58fd1?s=96&d=mm&r=g\",\"url\":\"https:\\\/\\\/secure.gravatar.com\\\/avatar\\\/8706da9351e6896c2b892f99715bdb54e016fe36f3ad6718282a541851c58fd1?s=96&d=mm&r=g\",\"contentUrl\":\"https:\\\/\\\/secure.gravatar.com\\\/avatar\\\/8706da9351e6896c2b892f99715bdb54e016fe36f3ad6718282a541851c58fd1?s=96&d=mm&r=g\",\"caption\":\"Klaus Makela\"},\"sameAs\":[\"http:\\\/\\\/betta.fi\"]}]}<\/script>\n<!-- \/ Yoast SEO plugin. -->","yoast_head_json":{"title":"Mycket f\u00f6rm\u00e5nliga drifts- och livscykelkostnader | Vestelli.fi","robots":{"index":"index","follow":"follow","max-snippet":"max-snippet:-1","max-image-preview":"max-image-preview:large","max-video-preview":"max-video-preview:-1"},"canonical":"https:\/\/www.vestelli.fi\/sv\/blog\/2018\/02\/13\/mycket-formanliga-drifts-och-livscykelkostnader\/","og_locale":"sv_SE","og_type":"article","og_title":"Mycket f\u00f6rm\u00e5nliga drifts- och livscykelkostnader | Vestelli.fi","og_description":"De enda drifts- och underh\u00e5llskostnaderna \u00e4r avgiften f\u00f6r den \u00e5rliga slamt\u00f6mningen, samt ca 4 \u20ac\/m\u00e5nad f\u00f6r luftfl\u00e4ktens elf\u00f6rbrukning.","og_url":"https:\/\/www.vestelli.fi\/sv\/blog\/2018\/02\/13\/mycket-formanliga-drifts-och-livscykelkostnader\/","og_site_name":"Vestelli.fi","article_published_time":"2018-02-13T16:14:34+00:00","article_modified_time":"2018-03-21T15:00:55+00:00","og_image":[{"width":4240,"height":2832,"url":"https:\/\/www.vestelli.fi\/wp-content\/uploads\/2018\/02\/DSC00850-e1519206979491.jpg","type":"image\/jpeg"}],"author":"Klaus Makela","twitter_card":"summary_large_image","twitter_misc":{"Skriven av":"Klaus Makela","Ber\u00e4knad l\u00e4stid":"1 minut"},"schema":{"@context":"https:\/\/schema.org","@graph":[{"@type":"Article","@id":"https:\/\/www.vestelli.fi\/sv\/blog\/2018\/02\/13\/mycket-formanliga-drifts-och-livscykelkostnader\/#article","isPartOf":{"@id":"https:\/\/www.vestelli.fi\/sv\/blog\/2018\/02\/13\/mycket-formanliga-drifts-och-livscykelkostnader\/"},"author":{"name":"Klaus Makela","@id":"https:\/\/www.vestelli.fi\/#\/schema\/person\/e891e8e42a912be9c6974b5bda023536"},"headline":"Mycket f\u00f6rm\u00e5nliga drifts- och livscykelkostnader","datePublished":"2018-02-13T16:14:34+00:00","dateModified":"2018-03-21T15:00:55+00:00","mainEntityOfPage":{"@id":"https:\/\/www.vestelli.fi\/sv\/blog\/2018\/02\/13\/mycket-formanliga-drifts-och-livscykelkostnader\/"},"wordCount":130,"commentCount":0,"publisher":{"@id":"https:\/\/www.vestelli.fi\/#organization"},"image":{"@id":"https:\/\/www.vestelli.fi\/sv\/blog\/2018\/02\/13\/mycket-formanliga-drifts-och-livscykelkostnader\/#primaryimage"},"thumbnailUrl":"https:\/\/www.vestelli.fi\/wp-content\/uploads\/2018\/02\/DSC00850-e1519206979491.jpg","articleSection":["Blogg"],"inLanguage":"sv-SE","potentialAction":[{"@type":"CommentAction","name":"Comment","target":["https:\/\/www.vestelli.fi\/sv\/blog\/2018\/02\/13\/mycket-formanliga-drifts-och-livscykelkostnader\/#respond"]}]},{"@type":"WebPage","@id":"https:\/\/www.vestelli.fi\/sv\/blog\/2018\/02\/13\/mycket-formanliga-drifts-och-livscykelkostnader\/","url":"https:\/\/www.vestelli.fi\/sv\/blog\/2018\/02\/13\/mycket-formanliga-drifts-och-livscykelkostnader\/","name":"Mycket f\u00f6rm\u00e5nliga drifts- och livscykelkostnader | Vestelli.fi","isPartOf":{"@id":"https:\/\/www.vestelli.fi\/#website"},"primaryImageOfPage":{"@id":"https:\/\/www.vestelli.fi\/sv\/blog\/2018\/02\/13\/mycket-formanliga-drifts-och-livscykelkostnader\/#primaryimage"},"image":{"@id":"https:\/\/www.vestelli.fi\/sv\/blog\/2018\/02\/13\/mycket-formanliga-drifts-och-livscykelkostnader\/#primaryimage"},"thumbnailUrl":"https:\/\/www.vestelli.fi\/wp-content\/uploads\/2018\/02\/DSC00850-e1519206979491.jpg","datePublished":"2018-02-13T16:14:34+00:00","dateModified":"2018-03-21T15:00:55+00:00","breadcrumb":{"@id":"https:\/\/www.vestelli.fi\/sv\/blog\/2018\/02\/13\/mycket-formanliga-drifts-och-livscykelkostnader\/#breadcrumb"},"inLanguage":"sv-SE","potentialAction":[{"@type":"ReadAction","target":["https:\/\/www.vestelli.fi\/sv\/blog\/2018\/02\/13\/mycket-formanliga-drifts-och-livscykelkostnader\/"]}]},{"@type":"ImageObject","inLanguage":"sv-SE","@id":"https:\/\/www.vestelli.fi\/sv\/blog\/2018\/02\/13\/mycket-formanliga-drifts-och-livscykelkostnader\/#primaryimage","url":"https:\/\/www.vestelli.fi\/wp-content\/uploads\/2018\/02\/DSC00850-e1519206979491.jpg","contentUrl":"https:\/\/www.vestelli.fi\/wp-content\/uploads\/2018\/02\/DSC00850-e1519206979491.jpg","width":4240,"height":2832},{"@type":"BreadcrumbList","@id":"https:\/\/www.vestelli.fi\/sv\/blog\/2018\/02\/13\/mycket-formanliga-drifts-och-livscykelkostnader\/#breadcrumb","itemListElement":[{"@type":"ListItem","position":1,"name":"Home","item":"https:\/\/www.vestelli.fi\/sv\/"},{"@type":"ListItem","position":2,"name":"Mycket f\u00f6rm\u00e5nliga drifts- och livscykelkostnader"}]},{"@type":"WebSite","@id":"https:\/\/www.vestelli.fi\/#website","url":"https:\/\/www.vestelli.fi\/","name":"Vestelli.fi","description":"Puhtaiden vesien puolesta \u2013 tehokkaat j\u00e4tevesij\u00e4rjestelm\u00e4t","publisher":{"@id":"https:\/\/www.vestelli.fi\/#organization"},"potentialAction":[{"@type":"SearchAction","target":{"@type":"EntryPoint","urlTemplate":"https:\/\/www.vestelli.fi\/?s={search_term_string}"},"query-input":{"@type":"PropertyValueSpecification","valueRequired":true,"valueName":"search_term_string"}}],"inLanguage":"sv-SE"},{"@type":"Organization","@id":"https:\/\/www.vestelli.fi\/#organization","name":"Vestelli Oy","url":"https:\/\/www.vestelli.fi\/","logo":{"@type":"ImageObject","inLanguage":"sv-SE","@id":"https:\/\/www.vestelli.fi\/#\/schema\/logo\/image\/","url":"https:\/\/www.vestelli.fi\/wp-content\/uploads\/2018\/05\/vestelli_logo-e1577697076704.png","contentUrl":"https:\/\/www.vestelli.fi\/wp-content\/uploads\/2018\/05\/vestelli_logo-e1577697076704.png","width":200,"height":72,"caption":"Vestelli Oy"},"image":{"@id":"https:\/\/www.vestelli.fi\/#\/schema\/logo\/image\/"}},{"@type":"Person","@id":"https:\/\/www.vestelli.fi\/#\/schema\/person\/e891e8e42a912be9c6974b5bda023536","name":"Klaus Makela","image":{"@type":"ImageObject","inLanguage":"sv-SE","@id":"https:\/\/secure.gravatar.com\/avatar\/8706da9351e6896c2b892f99715bdb54e016fe36f3ad6718282a541851c58fd1?s=96&d=mm&r=g","url":"https:\/\/secure.gravatar.com\/avatar\/8706da9351e6896c2b892f99715bdb54e016fe36f3ad6718282a541851c58fd1?s=96&d=mm&r=g","contentUrl":"https:\/\/secure.gravatar.com\/avatar\/8706da9351e6896c2b892f99715bdb54e016fe36f3ad6718282a541851c58fd1?s=96&d=mm&r=g","caption":"Klaus Makela"},"sameAs":["http:\/\/betta.fi"]}]}},"_links":{"self":[{"href":"https:\/\/www.vestelli.fi\/sv\/wp-json\/wp\/v2\/posts\/783","targetHints":{"allow":["GET"]}}],"collection":[{"href":"https:\/\/www.vestelli.fi\/sv\/wp-json\/wp\/v2\/posts"}],"about":[{"href":"https:\/\/www.vestelli.fi\/sv\/wp-json\/wp\/v2\/types\/post"}],"author":[{"embeddable":true,"href":"https:\/\/www.vestelli.fi\/sv\/wp-json\/wp\/v2\/users\/3"}],"replies":[{"embeddable":true,"href":"https:\/\/www.vestelli.fi\/sv\/wp-json\/wp\/v2\/comments?post=783"}],"version-history":[{"count":2,"href":"https:\/\/www.vestelli.fi\/sv\/wp-json\/wp\/v2\/posts\/783\/revisions"}],"predecessor-version":[{"id":786,"href":"https:\/\/www.vestelli.fi\/sv\/wp-json\/wp\/v2\/posts\/783\/revisions\/786"}],"wp:featuredmedia":[{"embeddable":true,"href":"https:\/\/www.vestelli.fi\/sv\/wp-json\/wp\/v2\/media\/342"}],"wp:attachment":[{"href":"https:\/\/www.vestelli.fi\/sv\/wp-json\/wp\/v2\/media?parent=783"}],"wp:term":[{"taxonomy":"category","embeddable":true,"href":"https:\/\/www.vestelli.fi\/sv\/wp-json\/wp\/v2\/categories?post=783"},{"taxonomy":"post_tag","embeddable":true,"href":"https:\/\/www.vestelli.fi\/sv\/wp-json\/wp\/v2\/tags?post=783"}],"curies":[{"name":"wp","href":"https:\/\/api.w.org\/{rel}","templated":true}]}}